{"id":211,"date":"2025-07-31T18:49:49","date_gmt":"2025-07-31T18:49:49","guid":{"rendered":"https:\/\/urbeat.site\/?p=211"},"modified":"2025-07-31T18:49:50","modified_gmt":"2025-07-31T18:49:50","slug":"warszawa-uwazana-jest-za-stosunkowo-zielone-miasto-ale-czy-na-pewno","status":"publish","type":"post","link":"https:\/\/urbeat.site\/zh\/warszawa-uwazana-jest-za-stosunkowo-zielone-miasto-ale-czy-na-pewno\/","title":{"rendered":"Warszawa uwa\u017cana jest za stosunkowo zielone miasto, ale czy na pewno?"},"content":{"rendered":"<p>Mieszkasz w Warszawie?<br>Poka\u017c nam, gdzie znajduj\u0105 si\u0119 tereny poro\u015bni\u0119te przez drzewa, kt\u00f3re cenisz. Wska\u017c te\u017c, gdzie Ci ich brakuje.<\/p>\n\n\n\n<p>Rozpoczynamy drug\u0105 faz\u0119 bada\u0144 dotycz\u0105c\u0105 zieleni miejskiej, w kt\u00f3rej ka\u017cdy mo\u017ce wzi\u0105\u0107 udzia\u0142. <\/p>\n\n\n\n<div class=\"wp-block-buttons is-layout-flex wp-block-buttons-is-layout-flex\">\n<div class=\"wp-block-button\"><a class=\"wp-block-button__link wp-element-button\" href=\"https:\/\/urbeat.site\/zh\/\u5730\u8d28\u5206\u6790\/\">We\u017a udzia\u0142 w naszych badaniach!<\/a><\/div>\n<\/div>\n\n\n\n<p> I pom\u00f3\u017c nam usprawni\u0107 zarz\u0105dzanie zieleni\u0105 w miejscach istotnych dla Ciebie!<\/p>\n\n\n\n<figure class=\"wp-block-gallery has-nested-images columns-default is-cropped wp-block-gallery-1 is-layout-flex wp-block-gallery-is-layout-flex\">\n<figure class=\"wp-block-image size-large\"><img loading=\"lazy\" decoding=\"async\" width=\"940\" height=\"788\" data-id=\"212\" src=\"https:\/\/urbeat.site\/wp-content\/uploads\/2025\/07\/wez-1-3.jpg\" alt=\"\" class=\"wp-image-212\" srcset=\"https:\/\/urbeat.site\/wp-content\/uploads\/2025\/07\/wez-1-3.jpg 940w, https:\/\/urbeat.site\/wp-content\/uploads\/2025\/07\/wez-1-3-300x251.jpg 300w, https:\/\/urbeat.site\/wp-content\/uploads\/2025\/07\/wez-1-3-768x644.jpg 768w, https:\/\/urbeat.site\/wp-content\/uploads\/2025\/07\/wez-1-3-14x12.jpg 14w\" sizes=\"auto, (max-width: 940px) 100vw, 940px\" \/><\/figure>\n<\/figure>","protected":false},"excerpt":{"rendered":"<p>Mieszkasz w Warszawie?Poka\u017c nam, gdzie znajduj\u0105 si\u0119 tereny poro\u015bni\u0119te przez drzewa, kt\u00f3re cenisz. Wska\u017c te\u017c, gdzie Ci ich brakuje. Rozpoczynamy drug\u0105 faz\u0119 bada\u0144 dotycz\u0105c\u0105 zieleni miejskiej, w kt\u00f3rej ka\u017cdy mo\u017ce wzi\u0105\u0107 udzia\u0142. I pom\u00f3\u017c nam usprawni\u0107 zarz\u0105dzanie zieleni\u0105 w miejscach istotnych dla Ciebie!<\/p>","protected":false},"author":1,"featured_media":0,"comment_status":"closed","ping_status":"closed","sticky":false,"template":"","format":"standard","meta":{"_acf_changed":false,"footnotes":""},"categories":[1],"tags":[],"class_list":["post-211","post","type-post","status-publish","format-standard","hentry","category-uncategorized"],"acf":[],"_links":{"self":[{"href":"https:\/\/urbeat.site\/zh\/wp-json\/wp\/v2\/posts\/211","targetHints":{"allow":["GET"]}}],"collection":[{"href":"https:\/\/urbeat.site\/zh\/wp-json\/wp\/v2\/posts"}],"about":[{"href":"https:\/\/urbeat.site\/zh\/wp-json\/wp\/v2\/types\/post"}],"author":[{"embeddable":true,"href":"https:\/\/urbeat.site\/zh\/wp-json\/wp\/v2\/users\/1"}],"replies":[{"embeddable":true,"href":"https:\/\/urbeat.site\/zh\/wp-json\/wp\/v2\/comments?post=211"}],"version-history":[{"count":1,"href":"https:\/\/urbeat.site\/zh\/wp-json\/wp\/v2\/posts\/211\/revisions"}],"predecessor-version":[{"id":213,"href":"https:\/\/urbeat.site\/zh\/wp-json\/wp\/v2\/posts\/211\/revisions\/213"}],"wp:attachment":[{"href":"https:\/\/urbeat.site\/zh\/wp-json\/wp\/v2\/media?parent=211"}],"wp:term":[{"taxonomy":"category","embeddable":true,"href":"https:\/\/urbeat.site\/zh\/wp-json\/wp\/v2\/categories?post=211"},{"taxonomy":"post_tag","embeddable":true,"href":"https:\/\/urbeat.site\/zh\/wp-json\/wp\/v2\/tags?post=211"}],"curies":[{"name":"wp","href":"https:\/\/api.w.org\/{rel}","templated":true}]}}